{"id":350,"date":"2023-12-26T21:07:45","date_gmt":"2023-12-26T20:07:45","guid":{"rendered":"https:\/\/amepn.ma\/rbca\/site\/?p=350"},"modified":"2023-12-28T01:05:39","modified_gmt":"2023-12-28T00:05:39","slug":"presentation-de-la-plateforme-de-lobservatoire-des-zones-humides-de-la-rbca","status":"publish","type":"post","link":"https:\/\/amepn.ma\/rbca\/observatoire\/?p=350","title":{"rendered":"Pr\u00e9sentation de la plateforme de l&#8217;Observatoire des Zones Humides de la RBCA: Ifrane 20 et 21 d\u00e9cembre 2023"},"content":{"rendered":"\n<p class=\"has-small-font-size\">A l\u2019occasion de la Journ\u00e9e Internationale de la Montagne, l\u2019Association Marocaine d\u2019Ecotourisme et de Conservation de la Nature et le r\u00e9seau des associations de la R\u00e9serve de Biosph\u00e8re des C\u00e8dres de l\u2019Atlas, en partenariat avec l\u2019Agence Nationale des Eaux et For\u00eats, organisent les 20 et 21 d\u00e9cembre \u00e0 Ifrane un Colloque scientifique sur le th\u00e8me : \u00ab La montagne et son r\u00f4le dans le maintien des grands cycles de l\u2019eau face aux impacts du changement climatique : Pr\u00e9sentation de l\u2019Observatoire des zones humides de la R\u00e9serve de biosph\u00e8re des C\u00e8dres de l\u2019Atlas \u00bb Avec la contribution de l\u2019Agence Nationale des Eaux et For\u00eats et des institutions scientifiques universitaires telles que l\u2019Ecole Sup\u00e9rieure de Technologie de Kh\u00e9nifra affili\u00e9e \u00e0 l\u2019Universit\u00e9 Sultan Moulay Slimane, la Facult\u00e9 des Sciences et Techniques d\u2019Errachidia et la Facult\u00e9 des Sciences affili\u00e9e \u00e0 l\u2019Universit\u00e9 Moulay Ismail de Mekn\u00e8s. , la Facult\u00e9 des Sciences Semlalia de Marrakech, et un certain nombre d\u2019associations \u0153uvrant dans cette r\u00e9serve, comme l\u2019AESVT et le GREPOM et la F\u00e9d\u00e9ration Marocaine de P\u00eache Ecologique. Cette ann\u00e9e, la Journ\u00e9e internationale de la montagne a \u00e9t\u00e9 c\u00e9l\u00e9br\u00e9e sous le slogan \u00ab Restaurer les \u00e9cosyst\u00e8mes de montagne \u00bb. pour plus de d\u00e9tail, voir la rubrique S\u00e9minaires et foire<\/p>\n","protected":false},"excerpt":{"rendered":"<p>A l\u2019occasion de la Journ\u00e9e Internationale de la Montagne, l\u2019Association Marocaine d\u2019Ecotourisme et de Conservation de la Nature et le r\u00e9seau des associations de la R\u00e9serve de Biosph\u00e8re des C\u00e8dres de l\u2019Atlas, en partenariat avec l\u2019Agence Nationale des Eaux et For\u00eats, organisent les 20 et 21 d\u00e9cembre \u00e0 Ifrane un Colloque scientifique sur le th\u00e8me : \u00ab La montagne et [&hellip;]<\/p>\n","protected":false},"author":1,"featured_media":303,"comment_status":"open","ping_status":"open","sticky":true,"template":"","format":"standard","meta":{"footnotes":""},"categories":[1],"tags":[],"_links":{"self":[{"href":"https:\/\/amepn.ma\/rbca\/observatoire\/index.php?rest_route=\/wp\/v2\/posts\/350"}],"collection":[{"href":"https:\/\/amepn.ma\/rbca\/observatoire\/index.php?rest_route=\/wp\/v2\/posts"}],"about":[{"href":"https:\/\/amepn.ma\/rbca\/observatoire\/index.php?rest_route=\/wp\/v2\/types\/post"}],"author":[{"embeddable":true,"href":"https:\/\/amepn.ma\/rbca\/observatoire\/index.php?rest_route=\/wp\/v2\/users\/1"}],"replies":[{"embeddable":true,"href":"https:\/\/amepn.ma\/rbca\/observatoire\/index.php?rest_route=%2Fwp%2Fv2%2Fcomments&post=350"}],"version-history":[{"count":2,"href":"https:\/\/amepn.ma\/rbca\/observatoire\/index.php?rest_route=\/wp\/v2\/posts\/350\/revisions"}],"predecessor-version":[{"id":352,"href":"https:\/\/amepn.ma\/rbca\/observatoire\/index.php?rest_route=\/wp\/v2\/posts\/350\/revisions\/352"}],"wp:featuredmedia":[{"embeddable":true,"href":"https:\/\/amepn.ma\/rbca\/observatoire\/index.php?rest_route=\/wp\/v2\/media\/303"}],"wp:attachment":[{"href":"https:\/\/amepn.ma\/rbca\/observatoire\/index.php?rest_route=%2Fwp%2Fv2%2Fmedia&parent=350"}],"wp:term":[{"taxonomy":"category","embeddable":true,"href":"https:\/\/amepn.ma\/rbca\/observatoire\/index.php?rest_route=%2Fwp%2Fv2%2Fcategories&post=350"},{"taxonomy":"post_tag","embeddable":true,"href":"https:\/\/amepn.ma\/rbca\/observatoire\/index.php?rest_route=%2Fwp%2Fv2%2Ftags&post=350"}],"curies":[{"name":"wp","href":"https:\/\/api.w.org\/{rel}","templated":true}]}}