{"id":478,"date":"2024-03-04T00:01:10","date_gmt":"2024-03-03T23:01:10","guid":{"rendered":"https:\/\/amepn.ma\/rbca\/observatoire\/?p=478"},"modified":"2024-03-04T00:04:59","modified_gmt":"2024-03-03T23:04:59","slug":"convention-de-stage-entre-lamepn-et-luniversite-de-perpignan-pour-pour-la-contribution-a-la-mise-en-oeuvre-de-lobservatoire-des-zones-humides-de-la-reserve-de-biosphere-du-cedre-de-l","status":"publish","type":"post","link":"https:\/\/amepn.ma\/rbca\/observatoire\/?p=478","title":{"rendered":"Convention de stage entre l&#8217;AMEPN et l&#8217;Universit\u00e9 de Perpignan pour la contribution \u00e0 la mise en \u0153uvre de l\u2019Observatoire des Zones Humides de la R\u00e9serve de Biosph\u00e8re du C\u00e8dre de l\u2019Atlas"},"content":{"rendered":"\n<p class=\"has-small-font-size\">Dans le cadre de ses activit\u00e9s \u00ab Recherche -D\u00e9veloppement \u00bb, l\u2019AMEPN a sign\u00e9 une convention avec l\u2019Universit\u00e9 de Perpignan (France) pour la r\u00e9alisation d\u2019un stage de formation au profit de l\u2019\u00e9tudiante Soukayna Ait Elbaz, jeune dynamique franco-marocaine inscrite en premi\u00e8re ann\u00e9e du Master \u00ab Biodiversit\u00e9, \u00c9cologie et D\u00e9veloppement Durable \u00bb. Un stage de deux mois ayant d\u00e9but\u00e9 ce 19 f\u00e9vrier 2024, et encadr\u00e9 surplace par notre coordinatrice r\u00e9gionale Touria et nos principaux <a><\/a>partenaires institutionnels et ce pour la contribution \u00e0 la mise en \u0153uvre de l\u2019Observatoire des Zones Humides de la R\u00e9serve de Biosph\u00e8re du C\u00e8dre de l\u2019Atlas, dans son volet scientifique et technique, \u00e9tant men\u00e9 dans le cadre du projet AMEPN-CEPF.<\/p>\n\n\n\n<p class=\"has-small-font-size\">Nous souhaitons la bienvenue \u00e0 soukayna en esp\u00e9rant que ce stage lui servira d\u2019opportunit\u00e9 d\u2019\u00e9change et de formation sur le terrain en mati\u00e8re de biodiversit\u00e9 des zones humides et des parcs nationaux.<\/p>\n\n\n\n<figure class=\"wp-block-gallery has-nested-images columns-default is-cropped wp-block-gallery-1 is-layout-flex wp-block-gallery-is-layout-flex\">\n<figure class=\"wp-block-image size-large\"><img loading=\"lazy\" decoding=\"async\" width=\"1024\" height=\"576\" data-id=\"479\" src=\"https:\/\/amepn.ma\/rbca\/observatoire\/wp-content\/uploads\/2024\/03\/convention-stage-1024x576.jpg\" alt=\"\" class=\"wp-image-479\" srcset=\"https:\/\/amepn.ma\/rbca\/observatoire\/wp-content\/uploads\/2024\/03\/convention-stage-1024x576.jpg 1024w, https:\/\/amepn.ma\/rbca\/observatoire\/wp-content\/uploads\/2024\/03\/convention-stage-300x169.jpg 300w, https:\/\/amepn.ma\/rbca\/observatoire\/wp-content\/uploads\/2024\/03\/convention-stage-768x432.jpg 768w, https:\/\/amepn.ma\/rbca\/observatoire\/wp-content\/uploads\/2024\/03\/convention-stage.jpg 1280w\" sizes=\"(max-width: 1024px) 100vw, 1024px\" \/><\/figure>\n\n\n\n<figure class=\"wp-block-image size-large\"><img loading=\"lazy\" decoding=\"async\" width=\"1024\" height=\"768\" data-id=\"480\" src=\"https:\/\/amepn.ma\/rbca\/observatoire\/wp-content\/uploads\/2024\/03\/touria-soukayna-1024x768.jpg\" alt=\"\" class=\"wp-image-480\" srcset=\"https:\/\/amepn.ma\/rbca\/observatoire\/wp-content\/uploads\/2024\/03\/touria-soukayna-1024x768.jpg 1024w, https:\/\/amepn.ma\/rbca\/observatoire\/wp-content\/uploads\/2024\/03\/touria-soukayna-300x225.jpg 300w, https:\/\/amepn.ma\/rbca\/observatoire\/wp-content\/uploads\/2024\/03\/touria-soukayna-768x576.jpg 768w, https:\/\/amepn.ma\/rbca\/observatoire\/wp-content\/uploads\/2024\/03\/touria-soukayna-1536x1152.jpg 1536w, https:\/\/amepn.ma\/rbca\/observatoire\/wp-content\/uploads\/2024\/03\/touria-soukayna.jpg 2048w\" sizes=\"(max-width: 1024px) 100vw, 1024px\" \/><\/figure>\n<\/figure>\n\n\n\n<p><\/p>\n","protected":false},"excerpt":{"rendered":"<p>Dans le cadre de ses activit\u00e9s \u00ab Recherche -D\u00e9veloppement \u00bb, l\u2019AMEPN a sign\u00e9 une convention avec l\u2019Universit\u00e9 de Perpignan (France) pour la r\u00e9alisation d\u2019un stage de formation au profit de l\u2019\u00e9tudiante Soukayna Ait Elbaz, jeune dynamique franco-marocaine inscrite en premi\u00e8re ann\u00e9e du Master \u00ab Biodiversit\u00e9, \u00c9cologie et D\u00e9veloppement Durable \u00bb. Un stage de deux mois ayant d\u00e9but\u00e9 ce 19 f\u00e9vrier [&hellip;]<\/p>\n","protected":false},"author":1,"featured_media":480,"comment_status":"open","ping_status":"open","sticky":true,"template":"","format":"standard","meta":{"footnotes":""},"categories":[1],"tags":[],"_links":{"self":[{"href":"https:\/\/amepn.ma\/rbca\/observatoire\/index.php?rest_route=\/wp\/v2\/posts\/478"}],"collection":[{"href":"https:\/\/amepn.ma\/rbca\/observatoire\/index.php?rest_route=\/wp\/v2\/posts"}],"about":[{"href":"https:\/\/amepn.ma\/rbca\/observatoire\/index.php?rest_route=\/wp\/v2\/types\/post"}],"author":[{"embeddable":true,"href":"https:\/\/amepn.ma\/rbca\/observatoire\/index.php?rest_route=\/wp\/v2\/users\/1"}],"replies":[{"embeddable":true,"href":"https:\/\/amepn.ma\/rbca\/observatoire\/index.php?rest_route=%2Fwp%2Fv2%2Fcomments&post=478"}],"version-history":[{"count":3,"href":"https:\/\/amepn.ma\/rbca\/observatoire\/index.php?rest_route=\/wp\/v2\/posts\/478\/revisions"}],"predecessor-version":[{"id":483,"href":"https:\/\/amepn.ma\/rbca\/observatoire\/index.php?rest_route=\/wp\/v2\/posts\/478\/revisions\/483"}],"wp:featuredmedia":[{"embeddable":true,"href":"https:\/\/amepn.ma\/rbca\/observatoire\/index.php?rest_route=\/wp\/v2\/media\/480"}],"wp:attachment":[{"href":"https:\/\/amepn.ma\/rbca\/observatoire\/index.php?rest_route=%2Fwp%2Fv2%2Fmedia&parent=478"}],"wp:term":[{"taxonomy":"category","embeddable":true,"href":"https:\/\/amepn.ma\/rbca\/observatoire\/index.php?rest_route=%2Fwp%2Fv2%2Fcategories&post=478"},{"taxonomy":"post_tag","embeddable":true,"href":"https:\/\/amepn.ma\/rbca\/observatoire\/index.php?rest_route=%2Fwp%2Fv2%2Ftags&post=478"}],"curies":[{"name":"wp","href":"https:\/\/api.w.org\/{rel}","templated":true}]}}